{"id":1167,"date":"2016-01-18T09:57:48","date_gmt":"2016-01-18T07:57:48","guid":{"rendered":"http:\/\/villersvolley.fr\/?p=1167"},"modified":"2016-01-18T17:07:21","modified_gmt":"2016-01-18T15:07:21","slug":"resultats-du-weekend-160116","status":"publish","type":"post","link":"https:\/\/villersvolley.fr\/index.php\/2016\/01\/18\/resultats-du-weekend-160116\/","title":{"rendered":"R\u00e9sultats du weekend (16\/01\/16)"},"content":{"rendered":"<p>2 d\u00e9faites pour les gar\u00e7ons malgr\u00e9 des scores assez proches, et\u00a02 victoires (3-0) pour les \u00e9quipes f\u00e9minines !<\/p>\n<ul>\n<li><strong>Nationale 3\u00a0masculine<\/strong> : d\u00e9faite contre Charnas 1-3 (25:15, 18:25, 22:25, 19:25)<\/li>\n<li><strong>Pr\u00e9-nationale f\u00e9minine<\/strong> \u00a0: victoire \u00e0 Pouilly-Metz 0-3 (10:25, 12:25, 19:25)<\/li>\n<li><strong>R\u00e9gionale masculine<\/strong> : d\u00e9faite contre Chaumont\u00a00-3 (27:29, 24:26, 17:25)<\/li>\n<li><strong>R\u00e9gionale f\u00e9minine<\/strong> : victoire \u00e0 Jarny\u00a00-3 (14:25, 14:25, 19:25)<\/li>\n<\/ul>\n<p><a href=\"http:\/\/villersvolley.fr\/wp-content\/uploads\/2016\/01\/12400554_539037599604782_3642903719118057289_n.jpg\"><img loading=\"lazy\" decoding=\"async\" class=\"aligncenter size-full wp-image-1170\" src=\"http:\/\/villersvolley.fr\/wp-content\/uploads\/2016\/01\/12573939_539037592938116_7935797303761724983_n.jpg\" alt=\"12573939_539037592938116_7935797303761724983_n\" width=\"960\" height=\"660\" srcset=\"https:\/\/villersvolley.fr\/wp-content\/uploads\/2016\/01\/12573939_539037592938116_7935797303761724983_n.jpg 960w, https:\/\/villersvolley.fr\/wp-content\/uploads\/2016\/01\/12573939_539037592938116_7935797303761724983_n-300x206.jpg 300w, https:\/\/villersvolley.fr\/wp-content\/uploads\/2016\/01\/12573939_539037592938116_7935797303761724983_n-1x1.jpg 1w\" sizes=\"auto, (max-width: 960px) 100vw, 960px\" \/><br \/>\n<\/a><\/p>\n","protected":false},"excerpt":{"rendered":"<p>2 d\u00e9faites pour les gar\u00e7ons malgr\u00e9 des scores assez proches, et\u00a02 victoires (3-0) pour les \u00e9quipes f\u00e9minines ! Nationale 3\u00a0masculine : d\u00e9faite contre Charnas 1-3 (25:15, 18:25, 22:25, 19:25) Pr\u00e9-nationale f\u00e9minine \u00a0: victoire \u00e0 Pouilly-Metz 0-3 (10:25, 12:25, 19:25) R\u00e9gionale masculine : d\u00e9faite contre Chaumont\u00a00-3 (27:29, 24:26, 17:25) R\u00e9gionale f\u00e9minine : victoire \u00e0 Jarny\u00a00-3 (14:25, [&hellip;]<\/p>\n","protected":false},"author":2,"featured_media":0,"comment_status":"closed","ping_status":"closed","sticky":false,"template":"","format":"standard","meta":{"ngg_post_thumbnail":0,"footnotes":""},"categories":[1],"tags":[3,19,20,21],"class_list":["post-1167","post","type-post","status-publish","format-standard","hentry","category-vie-club","tag-n3g","tag-pre-nat-f","tag-r1f","tag-r1g"],"_links":{"self":[{"href":"https:\/\/villersvolley.fr\/index.php\/wp-json\/wp\/v2\/posts\/1167","targetHints":{"allow":["GET"]}}],"collection":[{"href":"https:\/\/villersvolley.fr\/index.php\/wp-json\/wp\/v2\/posts"}],"about":[{"href":"https:\/\/villersvolley.fr\/index.php\/wp-json\/wp\/v2\/types\/post"}],"author":[{"embeddable":true,"href":"https:\/\/villersvolley.fr\/index.php\/wp-json\/wp\/v2\/users\/2"}],"replies":[{"embeddable":true,"href":"https:\/\/villersvolley.fr\/index.php\/wp-json\/wp\/v2\/comments?post=1167"}],"version-history":[{"count":2,"href":"https:\/\/villersvolley.fr\/index.php\/wp-json\/wp\/v2\/posts\/1167\/revisions"}],"predecessor-version":[{"id":1171,"href":"https:\/\/villersvolley.fr\/index.php\/wp-json\/wp\/v2\/posts\/1167\/revisions\/1171"}],"wp:attachment":[{"href":"https:\/\/villersvolley.fr\/index.php\/wp-json\/wp\/v2\/media?parent=1167"}],"wp:term":[{"taxonomy":"category","embeddable":true,"href":"https:\/\/villersvolley.fr\/index.php\/wp-json\/wp\/v2\/categories?post=1167"},{"taxonomy":"post_tag","embeddable":true,"href":"https:\/\/villersvolley.fr\/index.php\/wp-json\/wp\/v2\/tags?post=1167"}],"curies":[{"name":"wp","href":"https:\/\/api.w.org\/{rel}","templated":true}]}}