{"id":1451,"date":"2017-08-23T09:59:54","date_gmt":"2017-08-23T07:59:54","guid":{"rendered":"http:\/\/villersvolley.fr\/?p=1451"},"modified":"2017-08-23T09:59:54","modified_gmt":"2017-08-23T07:59:54","slug":"conseil-dadministration","status":"publish","type":"post","link":"https:\/\/villersvolley.fr\/index.php\/2017\/08\/23\/conseil-dadministration\/","title":{"rendered":"Conseil d&rsquo;Administration"},"content":{"rendered":"<p>L&rsquo;AG approche et le <strong>Conseil d&rsquo;Administration du club se renouvelle<\/strong>. Si vous souhaiter faire partie du CA pour diverses raisons, n&rsquo;h\u00e9sitez pas \u00e0 vous pr\u00e9senter en envoyant un mail ou en appelant Thierry!<br \/>\nVenez nombreux \u00e0 l&rsquo;<strong>AG le samedi 9 Septembre \u00e0 19h00<\/strong>, c&rsquo;est important!!<\/p>\n<p>Si vous ne pouvez pas, il est possible de faire un pouvoir, vous pouvez nous contacter.<br \/>\nSportivement,<\/p>\n<p><a href=\"http:\/\/villersvolley.fr\/wp-content\/uploads\/2017\/08\/recrutement-bureau.jpg\"><img loading=\"lazy\" decoding=\"async\" class=\"aligncenter size-full wp-image-1446\" src=\"http:\/\/villersvolley.fr\/wp-content\/uploads\/2017\/08\/recrutement-bureau.jpg\" alt=\"recrutement bureau\" width=\"600\" height=\"849\" srcset=\"https:\/\/villersvolley.fr\/wp-content\/uploads\/2017\/08\/recrutement-bureau.jpg 600w, https:\/\/villersvolley.fr\/wp-content\/uploads\/2017\/08\/recrutement-bureau-212x300.jpg 212w, https:\/\/villersvolley.fr\/wp-content\/uploads\/2017\/08\/recrutement-bureau-1x1.jpg 1w, https:\/\/villersvolley.fr\/wp-content\/uploads\/2017\/08\/recrutement-bureau-71x100.jpg 71w, https:\/\/villersvolley.fr\/wp-content\/uploads\/2017\/08\/recrutement-bureau-35x50.jpg 35w, https:\/\/villersvolley.fr\/wp-content\/uploads\/2017\/08\/recrutement-bureau-18x25.jpg 18w\" sizes=\"auto, (max-width: 600px) 100vw, 600px\" \/><\/a><\/p>\n","protected":false},"excerpt":{"rendered":"<p>L&rsquo;AG approche et le Conseil d&rsquo;Administration du club se renouvelle. Si vous souhaiter faire partie du CA pour diverses raisons, n&rsquo;h\u00e9sitez pas \u00e0 vous pr\u00e9senter en envoyant un mail ou en appelant Thierry! Venez nombreux \u00e0 l&rsquo;AG le samedi 9 Septembre \u00e0 19h00, c&rsquo;est important!! Si vous ne pouvez pas, il est possible de faire [&hellip;]<\/p>\n","protected":false},"author":2,"featured_media":0,"comment_status":"closed","ping_status":"closed","sticky":false,"template":"","format":"standard","meta":{"ngg_post_thumbnail":0,"footnotes":""},"categories":[1],"tags":[],"class_list":["post-1451","post","type-post","status-publish","format-standard","hentry","category-vie-club"],"_links":{"self":[{"href":"https:\/\/villersvolley.fr\/index.php\/wp-json\/wp\/v2\/posts\/1451","targetHints":{"allow":["GET"]}}],"collection":[{"href":"https:\/\/villersvolley.fr\/index.php\/wp-json\/wp\/v2\/posts"}],"about":[{"href":"https:\/\/villersvolley.fr\/index.php\/wp-json\/wp\/v2\/types\/post"}],"author":[{"embeddable":true,"href":"https:\/\/villersvolley.fr\/index.php\/wp-json\/wp\/v2\/users\/2"}],"replies":[{"embeddable":true,"href":"https:\/\/villersvolley.fr\/index.php\/wp-json\/wp\/v2\/comments?post=1451"}],"version-history":[{"count":1,"href":"https:\/\/villersvolley.fr\/index.php\/wp-json\/wp\/v2\/posts\/1451\/revisions"}],"predecessor-version":[{"id":1452,"href":"https:\/\/villersvolley.fr\/index.php\/wp-json\/wp\/v2\/posts\/1451\/revisions\/1452"}],"wp:attachment":[{"href":"https:\/\/villersvolley.fr\/index.php\/wp-json\/wp\/v2\/media?parent=1451"}],"wp:term":[{"taxonomy":"category","embeddable":true,"href":"https:\/\/villersvolley.fr\/index.php\/wp-json\/wp\/v2\/categories?post=1451"},{"taxonomy":"post_tag","embeddable":true,"href":"https:\/\/villersvolley.fr\/index.php\/wp-json\/wp\/v2\/tags?post=1451"}],"curies":[{"name":"wp","href":"https:\/\/api.w.org\/{rel}","templated":true}]}}