{"id":3042,"date":"2022-10-08T19:28:33","date_gmt":"2022-10-08T17:28:33","guid":{"rendered":"https:\/\/villersvolley.fr\/index.php\/2022\/10\/08\/aujourdhui-les-m18g-equipe-1-ont-commence-la-saison-par-deux-victoires-premie\/"},"modified":"2022-10-08T19:28:33","modified_gmt":"2022-10-08T17:28:33","slug":"aujourdhui-les-m18g-equipe-1-ont-commence-la-saison-par-deux-victoires-premie","status":"publish","type":"post","link":"https:\/\/villersvolley.fr\/index.php\/2022\/10\/08\/aujourdhui-les-m18g-equipe-1-ont-commence-la-saison-par-deux-victoires-premie\/","title":{"rendered":"Aujourd\u2019hui, les M18G \u00e9quipe 1 ont commenc\u00e9 la saison par deux victoires \nPremie&#8230;"},"content":{"rendered":"\n<a href=\"http:\/\/instagram.com\/p\/CjdgxCeDwhT\"><img decoding=\"async\" src=\"https:\/\/villersvolley.fr\/wp-content\/uploads\/2022\/10\/311147090_2515246758617192_853860287171341686_n.jpg\" \/><\/a><\/p>\n<p>Aujourd\u2019hui, les M18G \u00e9quipe 1 ont commenc\u00e9 la saison par deux victoires<br \/>\nPremier match contre PAM 2-0 (25-17 et 25-21)<br \/>\nSecond match face \u00e0 la deuxi\u00e8me \u00e9quipe de villers, 2-0 \u00e9galement (25-8 et 25-12)<\/p>\n<p>Bravo les gars ! \ud83d\udcaa\ud83c\udffc<\/p>\n\n<br \/><a href=\"http:\/\/instagram.com\/p\/CjdgxCeDwhT\">Source<\/a><\/p>\n","protected":false},"excerpt":{"rendered":"<p>Aujourd\u2019hui, les M18G \u00e9quipe 1 ont commenc\u00e9 la saison par deux victoires Premier match contre PAM 2-0 (25-17 et 25-21) Second match face \u00e0 la deuxi\u00e8me \u00e9quipe de villers, 2-0 \u00e9galement (25-8 et 25-12) Bravo les gars ! \ud83d\udcaa\ud83c\udffc Source<\/p>\n","protected":false},"author":7,"featured_media":3043,"comment_status":"closed","ping_status":"closed","sticky":false,"template":"","format":"standard","meta":{"ngg_post_thumbnail":0,"footnotes":""},"categories":[1],"tags":[],"class_list":["post-3042","post","type-post","status-publish","format-standard","has-post-thumbnail","hentry","category-vie-club"],"_links":{"self":[{"href":"https:\/\/villersvolley.fr\/index.php\/wp-json\/wp\/v2\/posts\/3042","targetHints":{"allow":["GET"]}}],"collection":[{"href":"https:\/\/villersvolley.fr\/index.php\/wp-json\/wp\/v2\/posts"}],"about":[{"href":"https:\/\/villersvolley.fr\/index.php\/wp-json\/wp\/v2\/types\/post"}],"author":[{"embeddable":true,"href":"https:\/\/villersvolley.fr\/index.php\/wp-json\/wp\/v2\/users\/7"}],"replies":[{"embeddable":true,"href":"https:\/\/villersvolley.fr\/index.php\/wp-json\/wp\/v2\/comments?post=3042"}],"version-history":[{"count":0,"href":"https:\/\/villersvolley.fr\/index.php\/wp-json\/wp\/v2\/posts\/3042\/revisions"}],"wp:featuredmedia":[{"embeddable":true,"href":"https:\/\/villersvolley.fr\/index.php\/wp-json\/wp\/v2\/media\/3043"}],"wp:attachment":[{"href":"https:\/\/villersvolley.fr\/index.php\/wp-json\/wp\/v2\/media?parent=3042"}],"wp:term":[{"taxonomy":"category","embeddable":true,"href":"https:\/\/villersvolley.fr\/index.php\/wp-json\/wp\/v2\/categories?post=3042"},{"taxonomy":"post_tag","embeddable":true,"href":"https:\/\/villersvolley.fr\/index.php\/wp-json\/wp\/v2\/tags?post=3042"}],"curies":[{"name":"wp","href":"https:\/\/api.w.org\/{rel}","templated":true}]}}