{"id":3073,"date":"2022-10-12T22:44:15","date_gmt":"2022-10-12T20:44:15","guid":{"rendered":"https:\/\/villersvolley.fr\/index.php\/2022\/10\/12\/lopen-3-a-joue-ce-soir-contre-lequipe-de-frouard-et-ramene-leur-premiere-victo\/"},"modified":"2022-10-12T22:44:15","modified_gmt":"2022-10-12T20:44:15","slug":"lopen-3-a-joue-ce-soir-contre-lequipe-de-frouard-et-ramene-leur-premiere-victo","status":"publish","type":"post","link":"https:\/\/villersvolley.fr\/index.php\/2022\/10\/12\/lopen-3-a-joue-ce-soir-contre-lequipe-de-frouard-et-ramene-leur-premiere-victo\/","title":{"rendered":"L\u2019Open 3 a jou\u00e9 ce soir contre l\u2019\u00e9quipe de Frouard et ram\u00e8ne leur premi\u00e8re victo&#8230;"},"content":{"rendered":"\n<a href=\"http:\/\/instagram.com\/p\/CjoKV1DDI_a\"><img decoding=\"async\" src=\"https:\/\/villersvolley.fr\/wp-content\/uploads\/2022\/10\/311631905_422416513370868_5277757532220550906_n.jpg\" \/><\/a><\/p>\n<p>L\u2019Open 3 a jou\u00e9 ce soir contre l\u2019\u00e9quipe de Frouard et ram\u00e8ne leur premi\u00e8re victoire (12-25 \/ 25-20 \/ 25-27 \/ 25-12 \/ 15-10)<\/p>\n<p>Bravoooo a vous ! \ud83d\udc4f\ud83c\udffb<\/p>\n\n<br \/><a href=\"http:\/\/instagram.com\/p\/CjoKV1DDI_a\">Source<\/a><\/p>\n","protected":false},"excerpt":{"rendered":"<p>L\u2019Open 3 a jou\u00e9 ce soir contre l\u2019\u00e9quipe de Frouard et ram\u00e8ne leur premi\u00e8re victoire (12-25 \/ 25-20 \/ 25-27 \/ 25-12 \/ 15-10) Bravoooo a vous ! \ud83d\udc4f\ud83c\udffb Source<\/p>\n","protected":false},"author":7,"featured_media":3074,"comment_status":"closed","ping_status":"closed","sticky":false,"template":"","format":"standard","meta":{"ngg_post_thumbnail":0,"footnotes":""},"categories":[1],"tags":[],"class_list":["post-3073","post","type-post","status-publish","format-standard","has-post-thumbnail","hentry","category-vie-club"],"_links":{"self":[{"href":"https:\/\/villersvolley.fr\/index.php\/wp-json\/wp\/v2\/posts\/3073","targetHints":{"allow":["GET"]}}],"collection":[{"href":"https:\/\/villersvolley.fr\/index.php\/wp-json\/wp\/v2\/posts"}],"about":[{"href":"https:\/\/villersvolley.fr\/index.php\/wp-json\/wp\/v2\/types\/post"}],"author":[{"embeddable":true,"href":"https:\/\/villersvolley.fr\/index.php\/wp-json\/wp\/v2\/users\/7"}],"replies":[{"embeddable":true,"href":"https:\/\/villersvolley.fr\/index.php\/wp-json\/wp\/v2\/comments?post=3073"}],"version-history":[{"count":0,"href":"https:\/\/villersvolley.fr\/index.php\/wp-json\/wp\/v2\/posts\/3073\/revisions"}],"wp:featuredmedia":[{"embeddable":true,"href":"https:\/\/villersvolley.fr\/index.php\/wp-json\/wp\/v2\/media\/3074"}],"wp:attachment":[{"href":"https:\/\/villersvolley.fr\/index.php\/wp-json\/wp\/v2\/media?parent=3073"}],"wp:term":[{"taxonomy":"category","embeddable":true,"href":"https:\/\/villersvolley.fr\/index.php\/wp-json\/wp\/v2\/categories?post=3073"},{"taxonomy":"post_tag","embeddable":true,"href":"https:\/\/villersvolley.fr\/index.php\/wp-json\/wp\/v2\/tags?post=3073"}],"curies":[{"name":"wp","href":"https:\/\/api.w.org\/{rel}","templated":true}]}}