{"id":3125,"date":"2022-11-15T10:30:34","date_gmt":"2022-11-15T09:30:34","guid":{"rendered":"https:\/\/villersvolley.fr\/index.php\/2022\/11\/15\/nos-m18-se-sont-rendu-a-besancon-ce-dimanche-pour-le-deuxieme-tour-de-coupe-de-f\/"},"modified":"2022-11-15T10:30:34","modified_gmt":"2022-11-15T09:30:34","slug":"nos-m18-se-sont-rendu-a-besancon-ce-dimanche-pour-le-deuxieme-tour-de-coupe-de-f","status":"publish","type":"post","link":"https:\/\/villersvolley.fr\/index.php\/2022\/11\/15\/nos-m18-se-sont-rendu-a-besancon-ce-dimanche-pour-le-deuxieme-tour-de-coupe-de-f\/","title":{"rendered":"Nos M18 se sont rendu \u00e0 Besan\u00e7on ce dimanche pour le deuxi\u00e8me tour de coupe de F&#8230;"},"content":{"rendered":"\n<a href=\"http:\/\/instagram.com\/p\/Ck-gRamjpY6\"><img decoding=\"async\" src=\"https:\/\/villersvolley.fr\/wp-content\/uploads\/2022\/11\/315669616_2434748880025067_1722531933995117148_n.jpg\" \/><\/a><\/p>\n<p>Nos M18 se sont rendu \u00e0 Besan\u00e7on ce dimanche pour le deuxi\u00e8me tour de coupe de France. Un premier match difficile, perdu 2-0 face \u00e0 Besan\u00e7on. Les gars n\u2019abandonnent rien face \u00e0 la deuxi\u00e8me \u00e9quipe, Strasbourg. Deuxi\u00e8me d\u00e9faite 2-1.<br \/>\nBravo \u00e0 nos M21 qui se sont bien accroch\u00e9 et qui se sont battue jusqu\u2019\u00e0 la fin.<\/p>\n\n<br \/><a href=\"http:\/\/instagram.com\/p\/Ck-gRamjpY6\">Source<\/a><\/p>\n","protected":false},"excerpt":{"rendered":"<p>Nos M18 se sont rendu \u00e0 Besan\u00e7on ce dimanche pour le deuxi\u00e8me tour de coupe de France. Un premier match difficile, perdu 2-0 face \u00e0 Besan\u00e7on. Les gars n\u2019abandonnent rien face \u00e0 la deuxi\u00e8me \u00e9quipe, Strasbourg. Deuxi\u00e8me d\u00e9faite 2-1. Bravo \u00e0 nos M21 qui se sont bien accroch\u00e9 et qui se sont battue jusqu\u2019\u00e0 la [&hellip;]<\/p>\n","protected":false},"author":7,"featured_media":3126,"comment_status":"closed","ping_status":"closed","sticky":false,"template":"","format":"standard","meta":{"ngg_post_thumbnail":0,"footnotes":""},"categories":[1],"tags":[],"class_list":["post-3125","post","type-post","status-publish","format-standard","has-post-thumbnail","hentry","category-vie-club"],"_links":{"self":[{"href":"https:\/\/villersvolley.fr\/index.php\/wp-json\/wp\/v2\/posts\/3125","targetHints":{"allow":["GET"]}}],"collection":[{"href":"https:\/\/villersvolley.fr\/index.php\/wp-json\/wp\/v2\/posts"}],"about":[{"href":"https:\/\/villersvolley.fr\/index.php\/wp-json\/wp\/v2\/types\/post"}],"author":[{"embeddable":true,"href":"https:\/\/villersvolley.fr\/index.php\/wp-json\/wp\/v2\/users\/7"}],"replies":[{"embeddable":true,"href":"https:\/\/villersvolley.fr\/index.php\/wp-json\/wp\/v2\/comments?post=3125"}],"version-history":[{"count":0,"href":"https:\/\/villersvolley.fr\/index.php\/wp-json\/wp\/v2\/posts\/3125\/revisions"}],"wp:featuredmedia":[{"embeddable":true,"href":"https:\/\/villersvolley.fr\/index.php\/wp-json\/wp\/v2\/media\/3126"}],"wp:attachment":[{"href":"https:\/\/villersvolley.fr\/index.php\/wp-json\/wp\/v2\/media?parent=3125"}],"wp:term":[{"taxonomy":"category","embeddable":true,"href":"https:\/\/villersvolley.fr\/index.php\/wp-json\/wp\/v2\/categories?post=3125"},{"taxonomy":"post_tag","embeddable":true,"href":"https:\/\/villersvolley.fr\/index.php\/wp-json\/wp\/v2\/tags?post=3125"}],"curies":[{"name":"wp","href":"https:\/\/api.w.org\/{rel}","templated":true}]}}