{"id":3224,"date":"2023-05-10T18:17:26","date_gmt":"2023-05-10T16:17:26","guid":{"rendered":"https:\/\/villersvolley.fr\/index.php\/2023\/05\/10\/save-the-date-dimanche-2-juillet-9h00-stade-roger-bambuck-villers-les-nanc-2\/"},"modified":"2023-05-10T18:17:26","modified_gmt":"2023-05-10T16:17:26","slug":"save-the-date-dimanche-2-juillet-9h00-stade-roger-bambuck-villers-les-nanc-2","status":"publish","type":"post","link":"https:\/\/villersvolley.fr\/index.php\/2023\/05\/10\/save-the-date-dimanche-2-juillet-9h00-stade-roger-bambuck-villers-les-nanc-2\/","title":{"rendered":"SAVE THE DATE \n\n Dimanche 2 juillet\n 9h00\n Stade Roger Bambuck, Villers-l\u00e8s-Nanc&#8230;"},"content":{"rendered":"\n<a href=\"http:\/\/instagram.com\/p\/CsEab5RrdlN\"><img decoding=\"async\" style=\"display:none\"  src=\"https:\/\/villersvolley.fr\/wp-content\/uploads\/2023\/08\/346010651_6321174294609610_2386347863458513202_n.jpg\" \/><\/a><\/p>\n<p>\u2728 SAVE THE DATE \u2728<\/p>\n<p>\ud83d\udcc6 Dimanche 2 juillet<br \/>\n\u23f0 9h00<br \/>\n\ud83c\udfe0 Stade Roger Bambuck, Villers-l\u00e8s-Nancy<\/p>\n<p>Nous vous annon\u00e7ons aujourd&rsquo;hui la bonne tenue de notre tournoi de Green annuel !<\/p>\n<p>Comme l&rsquo;ann\u00e9e derni\u00e8re, un tournoi 4&#215;4 loisir et un tournoi 3&#215;3 gar\u00e7ons !<\/p>\n<p>R\u00e9servez votre 2 juillet, pour une journ\u00e9e sous les couleurs de la nature !<\/p>\n<p>Plus d&rsquo;infos tr\u00e8s prochainement ! <\/p>\n<blockquote class=\"instagram-media\" data-instgrm-permalink=\"http:\/\/instagram.com\/p\/CsEab5RrdlN\" data-instgrm-version=\"8\" style=\" background:#FFF; border:0; border-radius:3px; box-shadow:0 0 1px 0 rgba(0,0,0,0.5),0 1px 10px 0 rgba(0,0,0,0.15); margin: 1px; max-width:658px; padding:0; width:99.375%; width:-webkit-calc(100% - 2px); width:calc(100% - 2px);\"><p>&nbsp;<\/p><\/blockquote>\n<p> <script async defer src=\"\/\/www.instagram.com\/embed.js\"><\/script> <\/p>\n\n<br \/><a href=\"http:\/\/instagram.com\/p\/CsEab5RrdlN\">Source<\/a><\/p>\n","protected":false},"excerpt":{"rendered":"<p>\u2728 SAVE THE DATE \u2728 \ud83d\udcc6 Dimanche 2 juillet \u23f0 9h00 \ud83c\udfe0 Stade Roger Bambuck, Villers-l\u00e8s-Nancy Nous vous annon\u00e7ons aujourd&rsquo;hui la bonne tenue de notre tournoi de Green annuel ! Comme l&rsquo;ann\u00e9e derni\u00e8re, un tournoi 4&#215;4 loisir et un tournoi 3&#215;3 gar\u00e7ons ! R\u00e9servez votre 2 juillet, pour une journ\u00e9e sous les couleurs de la [&hellip;]<\/p>\n","protected":false},"author":7,"featured_media":3225,"comment_status":"closed","ping_status":"closed","sticky":false,"template":"","format":"standard","meta":{"ngg_post_thumbnail":0,"footnotes":""},"categories":[1],"tags":[],"class_list":["post-3224","post","type-post","status-publish","format-standard","has-post-thumbnail","hentry","category-vie-club"],"_links":{"self":[{"href":"https:\/\/villersvolley.fr\/index.php\/wp-json\/wp\/v2\/posts\/3224","targetHints":{"allow":["GET"]}}],"collection":[{"href":"https:\/\/villersvolley.fr\/index.php\/wp-json\/wp\/v2\/posts"}],"about":[{"href":"https:\/\/villersvolley.fr\/index.php\/wp-json\/wp\/v2\/types\/post"}],"author":[{"embeddable":true,"href":"https:\/\/villersvolley.fr\/index.php\/wp-json\/wp\/v2\/users\/7"}],"replies":[{"embeddable":true,"href":"https:\/\/villersvolley.fr\/index.php\/wp-json\/wp\/v2\/comments?post=3224"}],"version-history":[{"count":0,"href":"https:\/\/villersvolley.fr\/index.php\/wp-json\/wp\/v2\/posts\/3224\/revisions"}],"wp:featuredmedia":[{"embeddable":true,"href":"https:\/\/villersvolley.fr\/index.php\/wp-json\/wp\/v2\/media\/3225"}],"wp:attachment":[{"href":"https:\/\/villersvolley.fr\/index.php\/wp-json\/wp\/v2\/media?parent=3224"}],"wp:term":[{"taxonomy":"category","embeddable":true,"href":"https:\/\/villersvolley.fr\/index.php\/wp-json\/wp\/v2\/categories?post=3224"},{"taxonomy":"post_tag","embeddable":true,"href":"https:\/\/villersvolley.fr\/index.php\/wp-json\/wp\/v2\/tags?post=3224"}],"curies":[{"name":"wp","href":"https:\/\/api.w.org\/{rel}","templated":true}]}}